{"id":4502,"date":"2019-04-30T23:10:00","date_gmt":"2019-04-30T21:10:00","guid":{"rendered":"https:\/\/commercecon.pl\/?p=4502"},"modified":"2022-03-14T01:07:22","modified_gmt":"2022-03-14T00:07:22","slug":"lks-commercecon-lodz-becomes-champion-of-poland-in-the-2018-2019-season","status":"publish","type":"post","link":"https:\/\/commercecon.pl\/en\/lks-commercecon-lodz-becomes-champion-of-poland-in-the-2018-2019-season\/","title":{"rendered":"\u0141KS Commercecon \u0141\u00f3d\u017a becomes Champion of Poland in the 2018\/2019 season!!!"},"content":{"rendered":"\n<div class=\"wp-block-group is-style-container\"><div class=\"wp-block-group__inner-container is-layout-flow wp-block-group-is-layout-flow\">\n<div class=\"wp-block-cover has-background-dim-20 has-background-dim\"><img decoding=\"async\" width=\"1900\" height=\"847\" class=\"wp-block-cover__image-background wp-image-1253\" alt=\"\" src=\"https:\/\/commercecon.pl\/wp-content\/uploads\/2021\/06\/lks-commerce-lodz.jpg\" data-object-fit=\"cover\" srcset=\"https:\/\/commercecon.pl\/wp-content\/uploads\/2021\/06\/lks-commerce-lodz.jpg 1900w, https:\/\/commercecon.pl\/wp-content\/uploads\/2021\/06\/lks-commerce-lodz-300x134.jpg 300w, https:\/\/commercecon.pl\/wp-content\/uploads\/2021\/06\/lks-commerce-lodz-1024x456.jpg 1024w, https:\/\/commercecon.pl\/wp-content\/uploads\/2021\/06\/lks-commerce-lodz-768x342.jpg 768w, https:\/\/commercecon.pl\/wp-content\/uploads\/2021\/06\/lks-commerce-lodz-1536x685.jpg 1536w\" sizes=\"(max-width: 1900px) 100vw, 1900px\" \/><div class=\"wp-block-cover__inner-container is-layout-flow wp-block-cover-is-layout-flow\">\n<p class=\"has-text-align-center has-large-font-size\"><\/p>\n<\/div><\/div>\n<\/div><\/div>\n\n\n\n<style>\n    @media (max-width:1023px) {\n        .spacer-block_60d99d5479287 {\n            height: 10px;\n        }\n    }\n    @media (min-width:1024px) {\n        .spacer-block_60d99d5479287 {\n            height: 50px;\n        }\n    }\n<\/style>\n<div class=\"spacer spacer-block_60d99d5479287\"><\/div>\n\n\n\n<div class=\"wp-block-group is-style-container\"><div class=\"wp-block-group__inner-container is-layout-flow wp-block-group-is-layout-flow\">\n<p>Commercecon \u2013 owner and naming rights sponsor of the Women\u2019s Volleyball Team \u0141KS Commercecon \u0141\u00f3d\u017a S.A.<\/p>\n<\/div><\/div>\n\n\n\n<div class=\"wp-block-group is-style-container\"><div class=\"wp-block-group__inner-container is-layout-flow wp-block-group-is-layout-flow\">\n<p><strong>\u0141KS Commercecon \u0141\u00f3d\u017a becomes Champion of Poland in the 2018\/2019 season!!!<\/strong><\/p>\n<\/div><\/div>\n\n\n\n<div class=\"wp-block-group is-style-container\"><div class=\"wp-block-group__inner-container is-layout-flow wp-block-group-is-layout-flow\">\n<p>After 36 years, \u0141KS Commercecon \u0141\u00f3d\u017a returns as the Champion of Poland!!!<\/p>\n<\/div><\/div>\n\n\n\n<div class=\"wp-block-group is-style-container\"><div class=\"wp-block-group__inner-container is-layout-flow wp-block-group-is-layout-flow\"><\/div><\/div>\n\n\n\n<div class=\"wp-block-group is-style-container\"><div class=\"wp-block-group__inner-container is-layout-flow wp-block-group-is-layout-flow\">\n<p>The winning team:<\/p>\n\n\n\n<p>Bidias (24), A. W\u00f3jcik (8), Bociek (14), Alagierska (14), Efimienko-M\u0142otkowska (6), M. W\u00f3jcik (6), Korabiec (libero) oraz Muhlsteinova, Wawrzy\u0144czyk, Kowali\u0144ska i Strasz (libero)<\/p>\n<\/div><\/div>\n\n\n\n<div class=\"wp-block-group is-style-container\"><div class=\"wp-block-group__inner-container is-layout-flow wp-block-group-is-layout-flow\">  <div class=\"gallery\">\n          <a href=\"https:\/\/commercecon.pl\/wp-content\/uploads\/2021\/06\/ulanka-42-1920x1449.jpg\" data-src=\"https:\/\/commercecon.pl\/wp-content\/uploads\/2021\/06\/ulanka-42-1920x1449.jpg\" class=\"gallery__item\">\n        <img decoding=\"async\" width=\"1000\" height=\"1000\" src=\"https:\/\/commercecon.pl\/wp-content\/uploads\/2021\/06\/ulanka-42-1000x1000.jpg\" class=\"attachment-square size-square\" alt=\"\" srcset=\"https:\/\/commercecon.pl\/wp-content\/uploads\/2021\/06\/ulanka-42-1000x1000.jpg 1000w, https:\/\/commercecon.pl\/wp-content\/uploads\/2021\/06\/ulanka-42-150x150.jpg 150w\" sizes=\"(max-width: 1000px) 100vw, 1000px\" \/>      <\/a>\n          <a href=\"https:\/\/commercecon.pl\/wp-content\/uploads\/2021\/06\/ewa-04-1920x1266.jpg\" data-src=\"https:\/\/commercecon.pl\/wp-content\/uploads\/2021\/06\/ewa-04-1920x1266.jpg\" class=\"gallery__item\">\n        <img decoding=\"async\" width=\"1000\" height=\"1000\" src=\"https:\/\/commercecon.pl\/wp-content\/uploads\/2021\/06\/ewa-04-1000x1000.jpg\" class=\"attachment-square size-square\" alt=\"\" srcset=\"https:\/\/commercecon.pl\/wp-content\/uploads\/2021\/06\/ewa-04-1000x1000.jpg 1000w, https:\/\/commercecon.pl\/wp-content\/uploads\/2021\/06\/ewa-04-150x150.jpg 150w\" sizes=\"(max-width: 1000px) 100vw, 1000px\" \/>      <\/a>\n          <a href=\"https:\/\/commercecon.pl\/wp-content\/uploads\/2021\/06\/ewa-05-1920x1440.jpg\" data-src=\"https:\/\/commercecon.pl\/wp-content\/uploads\/2021\/06\/ewa-05-1920x1440.jpg\" class=\"gallery__item\">\n        <img decoding=\"async\" width=\"1000\" height=\"1000\" src=\"https:\/\/commercecon.pl\/wp-content\/uploads\/2021\/06\/ewa-05-1000x1000.jpg\" class=\"attachment-square size-square\" alt=\"\" srcset=\"https:\/\/commercecon.pl\/wp-content\/uploads\/2021\/06\/ewa-05-1000x1000.jpg 1000w, https:\/\/commercecon.pl\/wp-content\/uploads\/2021\/06\/ewa-05-150x150.jpg 150w\" sizes=\"(max-width: 1000px) 100vw, 1000px\" \/>      <\/a>\n          <a href=\"https:\/\/commercecon.pl\/wp-content\/uploads\/2021\/06\/gosia-02-1920x1280.jpg\" data-src=\"https:\/\/commercecon.pl\/wp-content\/uploads\/2021\/06\/gosia-02-1920x1280.jpg\" class=\"gallery__item\">\n        <img decoding=\"async\" width=\"1000\" height=\"1000\" src=\"https:\/\/commercecon.pl\/wp-content\/uploads\/2021\/06\/gosia-02-1000x1000.jpg\" class=\"attachment-square size-square\" alt=\"\" srcset=\"https:\/\/commercecon.pl\/wp-content\/uploads\/2021\/06\/gosia-02-1000x1000.jpg 1000w, https:\/\/commercecon.pl\/wp-content\/uploads\/2021\/06\/gosia-02-150x150.jpg 150w\" sizes=\"(max-width: 1000px) 100vw, 1000px\" \/>      <\/a>\n          <a href=\"https:\/\/commercecon.pl\/wp-content\/uploads\/2021\/06\/karo-03-1920x1277.jpg\" data-src=\"https:\/\/commercecon.pl\/wp-content\/uploads\/2021\/06\/karo-03-1920x1277.jpg\" class=\"gallery__item\">\n        <img decoding=\"async\" width=\"1000\" height=\"1000\" src=\"https:\/\/commercecon.pl\/wp-content\/uploads\/2021\/06\/karo-03-1000x1000.jpg\" class=\"attachment-square size-square\" alt=\"\" srcset=\"https:\/\/commercecon.pl\/wp-content\/uploads\/2021\/06\/karo-03-1000x1000.jpg 1000w, https:\/\/commercecon.pl\/wp-content\/uploads\/2021\/06\/karo-03-150x150.jpg 150w\" sizes=\"(max-width: 1000px) 100vw, 1000px\" \/>      <\/a>\n          <a href=\"https:\/\/commercecon.pl\/wp-content\/uploads\/2021\/06\/karo-04-1920x1277.jpg\" data-src=\"https:\/\/commercecon.pl\/wp-content\/uploads\/2021\/06\/karo-04-1920x1277.jpg\" class=\"gallery__item\">\n        <img decoding=\"async\" width=\"1000\" height=\"1000\" src=\"https:\/\/commercecon.pl\/wp-content\/uploads\/2021\/06\/karo-04-1000x1000.jpg\" class=\"attachment-square size-square\" alt=\"\" srcset=\"https:\/\/commercecon.pl\/wp-content\/uploads\/2021\/06\/karo-04-1000x1000.jpg 1000w, https:\/\/commercecon.pl\/wp-content\/uploads\/2021\/06\/karo-04-150x150.jpg 150w\" sizes=\"(max-width: 1000px) 100vw, 1000px\" \/>      <\/a>\n          <a href=\"https:\/\/commercecon.pl\/wp-content\/uploads\/2021\/06\/ogie-07-1920x1578.jpg\" data-src=\"https:\/\/commercecon.pl\/wp-content\/uploads\/2021\/06\/ogie-07-1920x1578.jpg\" class=\"gallery__item\">\n        <img decoding=\"async\" width=\"1000\" height=\"1000\" src=\"https:\/\/commercecon.pl\/wp-content\/uploads\/2021\/06\/ogie-07-1000x1000.jpg\" class=\"attachment-square size-square\" alt=\"\" srcset=\"https:\/\/commercecon.pl\/wp-content\/uploads\/2021\/06\/ogie-07-1000x1000.jpg 1000w, https:\/\/commercecon.pl\/wp-content\/uploads\/2021\/06\/ogie-07-150x150.jpg 150w\" sizes=\"(max-width: 1000px) 100vw, 1000px\" \/>      <\/a>\n          <a href=\"https:\/\/commercecon.pl\/wp-content\/uploads\/2021\/06\/ulanka-13-1920x1280.jpg\" data-src=\"https:\/\/commercecon.pl\/wp-content\/uploads\/2021\/06\/ulanka-13-1920x1280.jpg\" class=\"gallery__item\">\n        <img decoding=\"async\" width=\"1000\" height=\"1000\" src=\"https:\/\/commercecon.pl\/wp-content\/uploads\/2021\/06\/ulanka-13-1000x1000.jpg\" class=\"attachment-square size-square\" alt=\"\" srcset=\"https:\/\/commercecon.pl\/wp-content\/uploads\/2021\/06\/ulanka-13-1000x1000.jpg 1000w, https:\/\/commercecon.pl\/wp-content\/uploads\/2021\/06\/ulanka-13-150x150.jpg 150w\" sizes=\"(max-width: 1000px) 100vw, 1000px\" \/>      <\/a>\n          <a href=\"https:\/\/commercecon.pl\/wp-content\/uploads\/2021\/06\/ulanka-22-1920x1306.jpg\" data-src=\"https:\/\/commercecon.pl\/wp-content\/uploads\/2021\/06\/ulanka-22-1920x1306.jpg\" class=\"gallery__item\">\n        <img decoding=\"async\" width=\"1000\" height=\"1000\" src=\"https:\/\/commercecon.pl\/wp-content\/uploads\/2021\/06\/ulanka-22-1000x1000.jpg\" class=\"attachment-square size-square\" alt=\"\" srcset=\"https:\/\/commercecon.pl\/wp-content\/uploads\/2021\/06\/ulanka-22-1000x1000.jpg 1000w, https:\/\/commercecon.pl\/wp-content\/uploads\/2021\/06\/ulanka-22-150x150.jpg 150w\" sizes=\"(max-width: 1000px) 100vw, 1000px\" \/>      <\/a>\n          <a href=\"https:\/\/commercecon.pl\/wp-content\/uploads\/2021\/06\/ulanka-23-1920x1280.jpg\" data-src=\"https:\/\/commercecon.pl\/wp-content\/uploads\/2021\/06\/ulanka-23-1920x1280.jpg\" class=\"gallery__item\">\n        <img decoding=\"async\" width=\"1000\" height=\"1000\" src=\"https:\/\/commercecon.pl\/wp-content\/uploads\/2021\/06\/ulanka-23-1000x1000.jpg\" class=\"attachment-square size-square\" alt=\"\" srcset=\"https:\/\/commercecon.pl\/wp-content\/uploads\/2021\/06\/ulanka-23-1000x1000.jpg 1000w, https:\/\/commercecon.pl\/wp-content\/uploads\/2021\/06\/ulanka-23-150x150.jpg 150w\" sizes=\"(max-width: 1000px) 100vw, 1000px\" \/>      <\/a>\n          <a href=\"https:\/\/commercecon.pl\/wp-content\/uploads\/2021\/06\/ulanka-32-1920x1280.jpg\" data-src=\"https:\/\/commercecon.pl\/wp-content\/uploads\/2021\/06\/ulanka-32-1920x1280.jpg\" class=\"gallery__item\">\n        <img decoding=\"async\" width=\"1000\" height=\"1000\" src=\"https:\/\/commercecon.pl\/wp-content\/uploads\/2021\/06\/ulanka-32-1000x1000.jpg\" class=\"attachment-square size-square\" alt=\"\" srcset=\"https:\/\/commercecon.pl\/wp-content\/uploads\/2021\/06\/ulanka-32-1000x1000.jpg 1000w, https:\/\/commercecon.pl\/wp-content\/uploads\/2021\/06\/ulanka-32-150x150.jpg 150w\" sizes=\"(max-width: 1000px) 100vw, 1000px\" \/>      <\/a>\n          <a href=\"https:\/\/commercecon.pl\/wp-content\/uploads\/2021\/06\/ulanka-35-1920x1168.jpg\" data-src=\"https:\/\/commercecon.pl\/wp-content\/uploads\/2021\/06\/ulanka-35-1920x1168.jpg\" class=\"gallery__item\">\n        <img decoding=\"async\" width=\"1000\" height=\"1000\" src=\"https:\/\/commercecon.pl\/wp-content\/uploads\/2021\/06\/ulanka-35-1000x1000.jpg\" class=\"attachment-square size-square\" alt=\"\" srcset=\"https:\/\/commercecon.pl\/wp-content\/uploads\/2021\/06\/ulanka-35-1000x1000.jpg 1000w, https:\/\/commercecon.pl\/wp-content\/uploads\/2021\/06\/ulanka-35-150x150.jpg 150w\" sizes=\"(max-width: 1000px) 100vw, 1000px\" \/>      <\/a>\n      <\/div>\n\n\n\n<figure class=\"wp-block-image size-full\"><img decoding=\"async\" width=\"2560\" height=\"1706\" src=\"https:\/\/commercecon.pl\/wp-content\/uploads\/2021\/06\/ulanka-13-scaled.jpg\" alt=\"\" class=\"wp-image-1370\" srcset=\"https:\/\/commercecon.pl\/wp-content\/uploads\/2021\/06\/ulanka-13-scaled.jpg 2560w, https:\/\/commercecon.pl\/wp-content\/uploads\/2021\/06\/ulanka-13-300x200.jpg 300w, https:\/\/commercecon.pl\/wp-content\/uploads\/2021\/06\/ulanka-13-1024x683.jpg 1024w, https:\/\/commercecon.pl\/wp-content\/uploads\/2021\/06\/ulanka-13-768x512.jpg 768w, https:\/\/commercecon.pl\/wp-content\/uploads\/2021\/06\/ulanka-13-1536x1024.jpg 1536w, https:\/\/commercecon.pl\/wp-content\/uploads\/2021\/06\/ulanka-13-2048x1365.jpg 2048w, https:\/\/commercecon.pl\/wp-content\/uploads\/2021\/06\/ulanka-13-1920x1280.jpg 1920w\" sizes=\"(max-width: 2560px) 100vw, 2560px\" \/><\/figure>\n\n\n\n<div class=\"text-image photo-text style-texts\">\n  <div class=\"text-image__image\">\n    <img decoding=\"async\" width=\"400\" height=\"607\" src=\"https:\/\/commercecon.pl\/wp-content\/uploads\/2021\/06\/lks-commercecon-lodz-logo.jpg\" class=\"attachment-large size-large\" alt=\"\" srcset=\"https:\/\/commercecon.pl\/wp-content\/uploads\/2021\/06\/lks-commercecon-lodz-logo.jpg 400w, https:\/\/commercecon.pl\/wp-content\/uploads\/2021\/06\/lks-commercecon-lodz-logo-198x300.jpg 198w\" sizes=\"(max-width: 400px) 100vw, 400px\" \/>  <\/div>\n  <div class=\"text-image__text\">\n    \n\n<p>Our &#8220;business core&#8221; is the design and construction of industrial facilities for various purposes. However, in addition to steel halls, we are also building new bright spots on the sports map of our city.<\/p>\n\n\n\n<p>We are trying to find time and funds for the implementation of goals important for the community of our city of \u0141\u00f3d\u017a and the \u0141\u00f3d\u017a Province.<\/p>\n\n\n\n<p>Corporate Social Responsibility (CSR), which is appreciated by entrepreneurs, is also our participation. For many years we have been trying to successively implement its key postulates.<\/p>\n\n\n\n<p>Including we help in fundraising by co-financing targeted purchases, supporting the rehabilitation of people who need such specialist care, and we do not forget about the inhabitants of animal shelters and shelters. We support the PKS Student Research Group at the Lodz University of Technology in their academic efforts.<br>Modesty does not allow us to talk about all our initiatives, but we write about them due to the fact that they may become an inspiration for others.<\/p>\n\n\n  <\/div>\n\n<\/div>\n\n\n\n<div class=\"text-image text-photo style-texts\">\n  <div class=\"text-image__image\">\n    <img decoding=\"async\" width=\"1000\" height=\"500\" src=\"https:\/\/commercecon.pl\/wp-content\/uploads\/2021\/06\/lks-commercecon-lodz_2016.jpg\" class=\"attachment-large size-large\" alt=\"\" srcset=\"https:\/\/commercecon.pl\/wp-content\/uploads\/2021\/06\/lks-commercecon-lodz_2016.jpg 1000w, https:\/\/commercecon.pl\/wp-content\/uploads\/2021\/06\/lks-commercecon-lodz_2016-300x150.jpg 300w, https:\/\/commercecon.pl\/wp-content\/uploads\/2021\/06\/lks-commercecon-lodz_2016-768x384.jpg 768w\" sizes=\"(max-width: 1000px) 100vw, 1000px\" \/>  <\/div>\n  <div class=\"text-image__text\">\n    \n\n<p>One of the priorities in our sponsorship and patronage activities is supporting the <strong>\u0141KS Commercecon \u0141\u00f3d\u017a Women\u2019s Volleyball Team<\/strong>, and sports sections of junior players of all ages.<\/p>\n\n\n\n<p>Thanks to our commitment, over the past years we have helped numerous great sports talents grow, and brought our Volleyball Team to the Polish First Division (Ekstraklasa)! By doing so, we have fulfilled the dream of many fans from \u0141\u00f3d\u017a to help Women\u2019s Volleyball in \u0141\u00f3d\u017a to regain its glory.<\/p>\n\n\n\n<p>In the 2016\/2017 season, we demonstrated that a supposed underdog can compete against the top ORLEN LEAGUE teams on an equal footing. Eventually, we secured the 6th rank in the league.<\/p>\n\n\n  <\/div>\n\n<\/div>\n\n\n\n<div class=\"text-image photo-text style-texts\">\n  <div class=\"text-image__image\">\n    <img decoding=\"async\" width=\"858\" height=\"438\" src=\"https:\/\/commercecon.pl\/wp-content\/uploads\/2021\/06\/lks2017.jpg\" class=\"attachment-large size-large\" alt=\"\" srcset=\"https:\/\/commercecon.pl\/wp-content\/uploads\/2021\/06\/lks2017.jpg 858w, https:\/\/commercecon.pl\/wp-content\/uploads\/2021\/06\/lks2017-300x153.jpg 300w, https:\/\/commercecon.pl\/wp-content\/uploads\/2021\/06\/lks2017-768x392.jpg 768w\" sizes=\"(max-width: 858px) 100vw, 858px\" \/>  <\/div>\n  <div class=\"text-image__text\">\n    \n\n<p>In the current 2016\/2017 season, we are continuing our march for medals and the top ranks in the Women\u2019s Volleyball League.<\/p>\n\n\n\n<p><strong>We strongly encourage you to support our Team!<\/strong><\/p>\n\n\n\n<p>For all news, interviews, match schedules, scores and summaries concerning our team, visit&nbsp;<strong><a href=\"https:\/\/www.lkscommerceconlodz.pl\/\" target=\"_blank\" rel=\"noreferrer noopener\">www.lkscommerceconlodz.pl<\/a><\/strong><\/p>\n\n\n  <\/div>\n\n<\/div>\n<\/div><\/div>\n","protected":false},"excerpt":{"rendered":"<p>Commercecon \u2013 owner and naming rights sponsor of the Women\u2019s Volleyball Team \u0141KS Commercecon \u0141\u00f3d\u017a S.A. \u0141KS Commercecon \u0141\u00f3d\u017a becomes Champion of Poland in the 2018\/2019 season!!! After 36 years, \u0141KS Commercecon \u0141\u00f3d\u017a returns as the Champion of Poland!!! The winning team: Bidias (24), A. W\u00f3jcik (8), Bociek (14), Alagierska (14), Efimienko-M\u0142otkowska (6), M. W\u00f3jcik [&hellip;]<\/p>\n","protected":false},"author":3,"featured_media":1359,"comment_status":"open","ping_status":"open","sticky":false,"template":"","format":"standard","meta":{"_acf_changed":false,"inline_featured_image":false,"footnotes":""},"categories":[2],"tags":[],"class_list":["post-4502","post","type-post","status-publish","format-standard","has-post-thumbnail","hentry","category-news"],"acf":[],"yoast_head":"<!-- This site is optimized with the Yoast SEO plugin v26.4 - https:\/\/yoast.com\/wordpress\/plugins\/seo\/ -->\n<title>\u0141KS Commercecon \u0141\u00f3d\u017a becomes Champion of Poland in the 2018\/2019 season!!! - Commercecon<\/title>\n<meta name=\"robots\" content=\"index, follow, max-snippet:-1, max-image-preview:large, max-video-preview:-1\" \/>\n<link rel=\"canonical\" href=\"https:\/\/commercecon.pl\/en\/lks-commercecon-lodz-becomes-champion-of-poland-in-the-2018-2019-season\/\" \/>\n<meta property=\"og:locale\" content=\"en_US\" \/>\n<meta property=\"og:type\" content=\"article\" \/>\n<meta property=\"og:title\" content=\"\u0141KS Commercecon \u0141\u00f3d\u017a becomes Champion of Poland in the 2018\/2019 season!!! - Commercecon\" \/>\n<meta property=\"og:description\" content=\"Commercecon \u2013 owner and naming rights sponsor of the Women\u2019s Volleyball Team \u0141KS Commercecon \u0141\u00f3d\u017a S.A. \u0141KS Commercecon \u0141\u00f3d\u017a becomes Champion of Poland in the 2018\/2019 season!!! After 36 years, \u0141KS Commercecon \u0141\u00f3d\u017a returns as the Champion of Poland!!! The winning team: Bidias (24), A. W\u00f3jcik (8), Bociek (14), Alagierska (14), Efimienko-M\u0142otkowska (6), M. W\u00f3jcik [&hellip;]\" \/>\n<meta property=\"og:url\" content=\"https:\/\/commercecon.pl\/en\/lks-commercecon-lodz-becomes-champion-of-poland-in-the-2018-2019-season\/\" \/>\n<meta property=\"og:site_name\" content=\"Commercecon\" \/>\n<meta property=\"article:published_time\" content=\"2019-04-30T21:10:00+00:00\" \/>\n<meta property=\"article:modified_time\" content=\"2022-03-14T00:07:22+00:00\" \/>\n<meta property=\"og:image\" content=\"https:\/\/commercecon.pl\/wp-content\/uploads\/2021\/06\/ewa-04-scaled.jpg\" \/>\n\t<meta property=\"og:image:width\" content=\"2560\" \/>\n\t<meta property=\"og:image:height\" content=\"1689\" \/>\n\t<meta property=\"og:image:type\" content=\"image\/jpeg\" \/>\n<meta name=\"author\" content=\"Anna Krawczyk\" \/>\n<meta name=\"twitter:card\" content=\"summary_large_image\" \/>\n<meta name=\"twitter:label1\" content=\"Written by\" \/>\n\t<meta name=\"twitter:data1\" content=\"Anna Krawczyk\" \/>\n\t<meta name=\"twitter:label2\" content=\"Est. reading time\" \/>\n\t<meta name=\"twitter:data2\" content=\"3 minutes\" \/>\n<script type=\"application\/ld+json\" class=\"yoast-schema-graph\">{\"@context\":\"https:\/\/schema.org\",\"@graph\":[{\"@type\":\"WebPage\",\"@id\":\"https:\/\/commercecon.pl\/en\/lks-commercecon-lodz-becomes-champion-of-poland-in-the-2018-2019-season\/\",\"url\":\"https:\/\/commercecon.pl\/en\/lks-commercecon-lodz-becomes-champion-of-poland-in-the-2018-2019-season\/\",\"name\":\"\u0141KS Commercecon \u0141\u00f3d\u017a becomes Champion of Poland in the 2018\/2019 season!!! - Commercecon\",\"isPartOf\":{\"@id\":\"https:\/\/commercecon.pl\/en\/#website\"},\"primaryImageOfPage\":{\"@id\":\"https:\/\/commercecon.pl\/en\/lks-commercecon-lodz-becomes-champion-of-poland-in-the-2018-2019-season\/#primaryimage\"},\"image\":{\"@id\":\"https:\/\/commercecon.pl\/en\/lks-commercecon-lodz-becomes-champion-of-poland-in-the-2018-2019-season\/#primaryimage\"},\"thumbnailUrl\":\"https:\/\/commercecon.pl\/wp-content\/uploads\/2021\/06\/ewa-04-scaled.jpg\",\"datePublished\":\"2019-04-30T21:10:00+00:00\",\"dateModified\":\"2022-03-14T00:07:22+00:00\",\"author\":{\"@id\":\"https:\/\/commercecon.pl\/en\/#\/schema\/person\/5483870108b93768ffd938cfd01fc964\"},\"breadcrumb\":{\"@id\":\"https:\/\/commercecon.pl\/en\/lks-commercecon-lodz-becomes-champion-of-poland-in-the-2018-2019-season\/#breadcrumb\"},\"inLanguage\":\"en-US\",\"potentialAction\":[{\"@type\":\"ReadAction\",\"target\":[\"https:\/\/commercecon.pl\/en\/lks-commercecon-lodz-becomes-champion-of-poland-in-the-2018-2019-season\/\"]}]},{\"@type\":\"ImageObject\",\"inLanguage\":\"en-US\",\"@id\":\"https:\/\/commercecon.pl\/en\/lks-commercecon-lodz-becomes-champion-of-poland-in-the-2018-2019-season\/#primaryimage\",\"url\":\"https:\/\/commercecon.pl\/wp-content\/uploads\/2021\/06\/ewa-04-scaled.jpg\",\"contentUrl\":\"https:\/\/commercecon.pl\/wp-content\/uploads\/2021\/06\/ewa-04-scaled.jpg\",\"width\":2560,\"height\":1689,\"caption\":\"OLYMPUS DIGITAL CAMERA\"},{\"@type\":\"BreadcrumbList\",\"@id\":\"https:\/\/commercecon.pl\/en\/lks-commercecon-lodz-becomes-champion-of-poland-in-the-2018-2019-season\/#breadcrumb\",\"itemListElement\":[{\"@type\":\"ListItem\",\"position\":1,\"name\":\"Main\",\"item\":\"https:\/\/commercecon.pl\/en\/\"},{\"@type\":\"ListItem\",\"position\":2,\"name\":\"News\",\"item\":\"https:\/\/commercecon.pl\/en\/category\/news\/\"},{\"@type\":\"ListItem\",\"position\":3,\"name\":\"\u0141KS Commercecon \u0141\u00f3d\u017a becomes Champion of Poland in the 2018\/2019 season!!!\"}]},{\"@type\":\"WebSite\",\"@id\":\"https:\/\/commercecon.pl\/en\/#website\",\"url\":\"https:\/\/commercecon.pl\/en\/\",\"name\":\"Commercecon\",\"description\":\"\",\"potentialAction\":[{\"@type\":\"SearchAction\",\"target\":{\"@type\":\"EntryPoint\",\"urlTemplate\":\"https:\/\/commercecon.pl\/en\/?s={search_term_string}\"},\"query-input\":{\"@type\":\"PropertyValueSpecification\",\"valueRequired\":true,\"valueName\":\"search_term_string\"}}],\"inLanguage\":\"en-US\"},{\"@type\":\"Person\",\"@id\":\"https:\/\/commercecon.pl\/en\/#\/schema\/person\/5483870108b93768ffd938cfd01fc964\",\"name\":\"Anna Krawczyk\",\"url\":\"https:\/\/commercecon.pl\/en\/author\/anna-krawczyk\/\"}]}<\/script>\n<!-- \/ Yoast SEO plugin. -->","yoast_head_json":{"title":"\u0141KS Commercecon \u0141\u00f3d\u017a becomes Champion of Poland in the 2018\/2019 season!!! - Commercecon","robots":{"index":"index","follow":"follow","max-snippet":"max-snippet:-1","max-image-preview":"max-image-preview:large","max-video-preview":"max-video-preview:-1"},"canonical":"https:\/\/commercecon.pl\/en\/lks-commercecon-lodz-becomes-champion-of-poland-in-the-2018-2019-season\/","og_locale":"en_US","og_type":"article","og_title":"\u0141KS Commercecon \u0141\u00f3d\u017a becomes Champion of Poland in the 2018\/2019 season!!! - Commercecon","og_description":"Commercecon \u2013 owner and naming rights sponsor of the Women\u2019s Volleyball Team \u0141KS Commercecon \u0141\u00f3d\u017a S.A. \u0141KS Commercecon \u0141\u00f3d\u017a becomes Champion of Poland in the 2018\/2019 season!!! After 36 years, \u0141KS Commercecon \u0141\u00f3d\u017a returns as the Champion of Poland!!! The winning team: Bidias (24), A. W\u00f3jcik (8), Bociek (14), Alagierska (14), Efimienko-M\u0142otkowska (6), M. W\u00f3jcik [&hellip;]","og_url":"https:\/\/commercecon.pl\/en\/lks-commercecon-lodz-becomes-champion-of-poland-in-the-2018-2019-season\/","og_site_name":"Commercecon","article_published_time":"2019-04-30T21:10:00+00:00","article_modified_time":"2022-03-14T00:07:22+00:00","og_image":[{"width":2560,"height":1689,"url":"https:\/\/commercecon.pl\/wp-content\/uploads\/2021\/06\/ewa-04-scaled.jpg","type":"image\/jpeg"}],"author":"Anna Krawczyk","twitter_card":"summary_large_image","twitter_misc":{"Written by":"Anna Krawczyk","Est. reading time":"3 minutes"},"schema":{"@context":"https:\/\/schema.org","@graph":[{"@type":"WebPage","@id":"https:\/\/commercecon.pl\/en\/lks-commercecon-lodz-becomes-champion-of-poland-in-the-2018-2019-season\/","url":"https:\/\/commercecon.pl\/en\/lks-commercecon-lodz-becomes-champion-of-poland-in-the-2018-2019-season\/","name":"\u0141KS Commercecon \u0141\u00f3d\u017a becomes Champion of Poland in the 2018\/2019 season!!! - Commercecon","isPartOf":{"@id":"https:\/\/commercecon.pl\/en\/#website"},"primaryImageOfPage":{"@id":"https:\/\/commercecon.pl\/en\/lks-commercecon-lodz-becomes-champion-of-poland-in-the-2018-2019-season\/#primaryimage"},"image":{"@id":"https:\/\/commercecon.pl\/en\/lks-commercecon-lodz-becomes-champion-of-poland-in-the-2018-2019-season\/#primaryimage"},"thumbnailUrl":"https:\/\/commercecon.pl\/wp-content\/uploads\/2021\/06\/ewa-04-scaled.jpg","datePublished":"2019-04-30T21:10:00+00:00","dateModified":"2022-03-14T00:07:22+00:00","author":{"@id":"https:\/\/commercecon.pl\/en\/#\/schema\/person\/5483870108b93768ffd938cfd01fc964"},"breadcrumb":{"@id":"https:\/\/commercecon.pl\/en\/lks-commercecon-lodz-becomes-champion-of-poland-in-the-2018-2019-season\/#breadcrumb"},"inLanguage":"en-US","potentialAction":[{"@type":"ReadAction","target":["https:\/\/commercecon.pl\/en\/lks-commercecon-lodz-becomes-champion-of-poland-in-the-2018-2019-season\/"]}]},{"@type":"ImageObject","inLanguage":"en-US","@id":"https:\/\/commercecon.pl\/en\/lks-commercecon-lodz-becomes-champion-of-poland-in-the-2018-2019-season\/#primaryimage","url":"https:\/\/commercecon.pl\/wp-content\/uploads\/2021\/06\/ewa-04-scaled.jpg","contentUrl":"https:\/\/commercecon.pl\/wp-content\/uploads\/2021\/06\/ewa-04-scaled.jpg","width":2560,"height":1689,"caption":"OLYMPUS DIGITAL CAMERA"},{"@type":"BreadcrumbList","@id":"https:\/\/commercecon.pl\/en\/lks-commercecon-lodz-becomes-champion-of-poland-in-the-2018-2019-season\/#breadcrumb","itemListElement":[{"@type":"ListItem","position":1,"name":"Main","item":"https:\/\/commercecon.pl\/en\/"},{"@type":"ListItem","position":2,"name":"News","item":"https:\/\/commercecon.pl\/en\/category\/news\/"},{"@type":"ListItem","position":3,"name":"\u0141KS Commercecon \u0141\u00f3d\u017a becomes Champion of Poland in the 2018\/2019 season!!!"}]},{"@type":"WebSite","@id":"https:\/\/commercecon.pl\/en\/#website","url":"https:\/\/commercecon.pl\/en\/","name":"Commercecon","description":"","potentialAction":[{"@type":"SearchAction","target":{"@type":"EntryPoint","urlTemplate":"https:\/\/commercecon.pl\/en\/?s={search_term_string}"},"query-input":{"@type":"PropertyValueSpecification","valueRequired":true,"valueName":"search_term_string"}}],"inLanguage":"en-US"},{"@type":"Person","@id":"https:\/\/commercecon.pl\/en\/#\/schema\/person\/5483870108b93768ffd938cfd01fc964","name":"Anna Krawczyk","url":"https:\/\/commercecon.pl\/en\/author\/anna-krawczyk\/"}]}},"_links":{"self":[{"href":"https:\/\/commercecon.pl\/en\/wp-json\/wp\/v2\/posts\/4502","targetHints":{"allow":["GET"]}}],"collection":[{"href":"https:\/\/commercecon.pl\/en\/wp-json\/wp\/v2\/posts"}],"about":[{"href":"https:\/\/commercecon.pl\/en\/wp-json\/wp\/v2\/types\/post"}],"author":[{"embeddable":true,"href":"https:\/\/commercecon.pl\/en\/wp-json\/wp\/v2\/users\/3"}],"replies":[{"embeddable":true,"href":"https:\/\/commercecon.pl\/en\/wp-json\/wp\/v2\/comments?post=4502"}],"version-history":[{"count":5,"href":"https:\/\/commercecon.pl\/en\/wp-json\/wp\/v2\/posts\/4502\/revisions"}],"predecessor-version":[{"id":6469,"href":"https:\/\/commercecon.pl\/en\/wp-json\/wp\/v2\/posts\/4502\/revisions\/6469"}],"wp:featuredmedia":[{"embeddable":true,"href":"https:\/\/commercecon.pl\/en\/wp-json\/wp\/v2\/media\/1359"}],"wp:attachment":[{"href":"https:\/\/commercecon.pl\/en\/wp-json\/wp\/v2\/media?parent=4502"}],"wp:term":[{"taxonomy":"category","embeddable":true,"href":"https:\/\/commercecon.pl\/en\/wp-json\/wp\/v2\/categories?post=4502"},{"taxonomy":"post_tag","embeddable":true,"href":"https:\/\/commercecon.pl\/en\/wp-json\/wp\/v2\/tags?post=4502"}],"curies":[{"name":"wp","href":"https:\/\/api.w.org\/{rel}","templated":true}]}}