{"id":8678,"date":"2023-09-12T10:56:00","date_gmt":"2023-09-12T08:56:00","guid":{"rendered":"https:\/\/commercecon.pl\/hubert-hoffman-wyrozniony-medalem-na-600-lecie-lodzi\/"},"modified":"2024-02-13T00:10:33","modified_gmt":"2024-02-12T23:10:33","slug":"hubert-hoffman-receives-medal-for-600th-anniversary-of-lodz","status":"publish","type":"post","link":"https:\/\/commercecon.pl\/en\/hubert-hoffman-receives-medal-for-600th-anniversary-of-lodz\/","title":{"rendered":"Hubert Hoffman receives medal for 600th anniversary of \u0141\u00f3d\u017a"},"content":{"rendered":"\n<div class=\"wp-block-group is-style-container\"><div class=\"wp-block-group__inner-container is-layout-constrained wp-block-group-is-layout-constrained\">\n<style>\n    @media (max-width:1023px) {\n        .spacer-block_4f16a7d3263142e98c71e99792bcbd64 {\n            height: px;\n        }\n    }\n    @media (min-width:1024px) {\n        .spacer-block_4f16a7d3263142e98c71e99792bcbd64 {\n            height: 30px;\n        }\n    }\n<\/style>\n<div class=\"spacer spacer-block_4f16a7d3263142e98c71e99792bcbd64\"><\/div>\n\n\n\n<figure class=\"wp-block-image size-full\"><img decoding=\"async\" width=\"1900\" height=\"1267\" src=\"https:\/\/commercecon.pl\/wp-content\/uploads\/2023\/10\/0911_600LDZ_0022D.jpg\" alt=\"\" class=\"wp-image-8391\" srcset=\"https:\/\/commercecon.pl\/wp-content\/uploads\/2023\/10\/0911_600LDZ_0022D.jpg 1900w, https:\/\/commercecon.pl\/wp-content\/uploads\/2023\/10\/0911_600LDZ_0022D-300x200.jpg 300w, https:\/\/commercecon.pl\/wp-content\/uploads\/2023\/10\/0911_600LDZ_0022D-1024x683.jpg 1024w, https:\/\/commercecon.pl\/wp-content\/uploads\/2023\/10\/0911_600LDZ_0022D-768x512.jpg 768w, https:\/\/commercecon.pl\/wp-content\/uploads\/2023\/10\/0911_600LDZ_0022D-1536x1024.jpg 1536w\" sizes=\"(max-width: 1900px) 100vw, 1900px\" \/><\/figure>\n\n\n\n<style>\n    @media (max-width:1023px) {\n        .spacer-block_4f16a7d3263142e98c71e99792bcbd64 {\n            height: px;\n        }\n    }\n    @media (min-width:1024px) {\n        .spacer-block_4f16a7d3263142e98c71e99792bcbd64 {\n            height: 30px;\n        }\n    }\n<\/style>\n<div class=\"spacer spacer-block_4f16a7d3263142e98c71e99792bcbd64\"><\/div>\n\n\n\n<p><strong>\u0141\u00f3d\u017a is celebrating its 600th anniversary this year! To ensure that everyone could celebrate, the city provided a unique setting. A three-day music festival, picnics, excursions, film screenings \u2013 these were the attractions organised for the last weekend in July. But the celebrations did not end there. The Mayor of \u0141\u00f3d\u017a launched a wonderful campaign to award commemorative medals to 600 outstanding citizens of \u0141\u00f3d\u017a. Last week, one of these medals was presented to Hubert Hoffman, President of Commercecon and owner of \u0141KS Commercecon \u0141\u00f3d\u017a SA.<\/strong><\/p>\n\n\n\n<p>The medals for the 600th anniversary of \u0141\u00f3d\u017a are a unique initiative of the City Council. It is a unique initiative of the \u0141\u00f3d\u017a City Council, which awards the medals to people who have contributed in a special way to the city, its development in various fields, as well as to the local community. And our President is no exception!<\/p>\n\n\n\n<p>For many years, Hubert Hoffman has skilfully combined the management of Commercecon with the management of the women&#8217;s volleyball team \u0141KS Commercecon \u0141\u00f3d\u017a, with which he has achieved spectacular success both nationally and internationally. Needless to say, the \u0141\u00f3d\u017a Squirrels have been on the podium of the Polish Championship for the past six years, winning the most prestigious trophy in the competition twice and competing successfully with the best teams from the Old Continent in the Women&#8217;s Volleyball Champions League.<\/p>\n\n\n\n<p>And it was the successful business activities combined with the sporting activities connected with the development of volleyball in \u0141\u00f3d\u017a and the enormous contribution to the promotion of \u0141\u00f3d\u017a on the sports arenas of Poland and Europe that brought the recognition of the Chapter of Medals for the 600th Anniversary of the City of Lodz.<\/p>\n\n\n\n<p>The award ceremony, attended by Hanna Zdanowska, the Mayor of \u0141\u00f3d\u017a, took place last week in the Museum of the City of \u0141\u00f3d\u017a, located in the palace of Izrael Poznanski, one of the greatest \u0141\u00f3d\u017a entrepreneurs of the 19th century. At this point, it is worth recalling a page from the history of \u0141\u00f3d\u017a \u2013 on 29 July 1423, the King W\u0142adys\u0142aw Jagie\u0142o issued a document granting the small agricultural village the city rights. This opened up new opportunities for development, which \u0141\u00f3d\u017a skilfully exploited to become a veritable industrial empire by the mid-19th century.<\/p>\n\n\n\n<p>Congratulations to all the winners! The 600th Anniversary Medal of \u0141\u00f3d\u017a is another honour for Hubert Hoffman this year. In the spring, the jury of the &#8220;\u0141\u00f3d\u017a Region Manager of the Year&#8221; competition recognised his competence and commitment in his dual role as manager. You can read more about the gala at the event: <a href=\"https:\/\/commercecon.pl\/hubert-hoffman-wsrod-najlepszych-menedzerow-regionu-lodzkiego\/\">https:\/\/commercecon.pl\/hubert-hoffman-wsrod-najlepszych-menedzerow-regionu-lodzkiego\/<\/a><\/p>\n\n\n  <div class=\"gallery\">\n          <a href=\"https:\/\/commercecon.pl\/wp-content\/uploads\/2023\/10\/0911_600LDZ_0022D.jpg\" data-src=\"https:\/\/commercecon.pl\/wp-content\/uploads\/2023\/10\/0911_600LDZ_0022D.jpg\" class=\"gallery__item\">\n        <img decoding=\"async\" width=\"1000\" height=\"1000\" src=\"https:\/\/commercecon.pl\/wp-content\/uploads\/2023\/10\/0911_600LDZ_0022D-1000x1000.jpg\" class=\"attachment-square size-square\" alt=\"\" srcset=\"https:\/\/commercecon.pl\/wp-content\/uploads\/2023\/10\/0911_600LDZ_0022D-1000x1000.jpg 1000w, https:\/\/commercecon.pl\/wp-content\/uploads\/2023\/10\/0911_600LDZ_0022D-150x150.jpg 150w\" sizes=\"(max-width: 1000px) 100vw, 1000px\" \/>      <\/a>\n          <a href=\"https:\/\/commercecon.pl\/wp-content\/uploads\/2023\/10\/0911_600LDZ_0014D.jpg\" data-src=\"https:\/\/commercecon.pl\/wp-content\/uploads\/2023\/10\/0911_600LDZ_0014D.jpg\" class=\"gallery__item\">\n        <img decoding=\"async\" width=\"1000\" height=\"1000\" src=\"https:\/\/commercecon.pl\/wp-content\/uploads\/2023\/10\/0911_600LDZ_0014D-1000x1000.jpg\" class=\"attachment-square size-square\" alt=\"\" srcset=\"https:\/\/commercecon.pl\/wp-content\/uploads\/2023\/10\/0911_600LDZ_0014D-1000x1000.jpg 1000w, https:\/\/commercecon.pl\/wp-content\/uploads\/2023\/10\/0911_600LDZ_0014D-150x150.jpg 150w\" sizes=\"(max-width: 1000px) 100vw, 1000px\" \/>      <\/a>\n          <a href=\"https:\/\/commercecon.pl\/wp-content\/uploads\/2023\/10\/0911_600LDZ_0015D.jpg\" data-src=\"https:\/\/commercecon.pl\/wp-content\/uploads\/2023\/10\/0911_600LDZ_0015D.jpg\" class=\"gallery__item\">\n        <img decoding=\"async\" width=\"1000\" height=\"1000\" src=\"https:\/\/commercecon.pl\/wp-content\/uploads\/2023\/10\/0911_600LDZ_0015D-1000x1000.jpg\" class=\"attachment-square size-square\" alt=\"\" srcset=\"https:\/\/commercecon.pl\/wp-content\/uploads\/2023\/10\/0911_600LDZ_0015D-1000x1000.jpg 1000w, https:\/\/commercecon.pl\/wp-content\/uploads\/2023\/10\/0911_600LDZ_0015D-150x150.jpg 150w\" sizes=\"(max-width: 1000px) 100vw, 1000px\" \/>      <\/a>\n          <a href=\"https:\/\/commercecon.pl\/wp-content\/uploads\/2023\/10\/0911_600LDZ_0025D.jpg\" data-src=\"https:\/\/commercecon.pl\/wp-content\/uploads\/2023\/10\/0911_600LDZ_0025D.jpg\" class=\"gallery__item\">\n        <img decoding=\"async\" width=\"1000\" height=\"1000\" src=\"https:\/\/commercecon.pl\/wp-content\/uploads\/2023\/10\/0911_600LDZ_0025D-1000x1000.jpg\" class=\"attachment-square size-square\" alt=\"\" srcset=\"https:\/\/commercecon.pl\/wp-content\/uploads\/2023\/10\/0911_600LDZ_0025D-1000x1000.jpg 1000w, https:\/\/commercecon.pl\/wp-content\/uploads\/2023\/10\/0911_600LDZ_0025D-150x150.jpg 150w\" sizes=\"(max-width: 1000px) 100vw, 1000px\" \/>      <\/a>\n          <a href=\"https:\/\/commercecon.pl\/wp-content\/uploads\/2023\/10\/0911_600LDZ_0026D.jpg\" data-src=\"https:\/\/commercecon.pl\/wp-content\/uploads\/2023\/10\/0911_600LDZ_0026D.jpg\" class=\"gallery__item\">\n        <img decoding=\"async\" width=\"1000\" height=\"1000\" src=\"https:\/\/commercecon.pl\/wp-content\/uploads\/2023\/10\/0911_600LDZ_0026D-1000x1000.jpg\" class=\"attachment-square size-square\" alt=\"\" srcset=\"https:\/\/commercecon.pl\/wp-content\/uploads\/2023\/10\/0911_600LDZ_0026D-1000x1000.jpg 1000w, https:\/\/commercecon.pl\/wp-content\/uploads\/2023\/10\/0911_600LDZ_0026D-150x150.jpg 150w\" sizes=\"(max-width: 1000px) 100vw, 1000px\" \/>      <\/a>\n          <a href=\"https:\/\/commercecon.pl\/wp-content\/uploads\/2023\/10\/IMG_6374.jpg\" data-src=\"https:\/\/commercecon.pl\/wp-content\/uploads\/2023\/10\/IMG_6374.jpg\" class=\"gallery__item\">\n        <img decoding=\"async\" width=\"1000\" height=\"1000\" src=\"https:\/\/commercecon.pl\/wp-content\/uploads\/2023\/10\/IMG_6374-1000x1000.jpg\" class=\"attachment-square size-square\" alt=\"\" srcset=\"https:\/\/commercecon.pl\/wp-content\/uploads\/2023\/10\/IMG_6374-1000x1000.jpg 1000w, https:\/\/commercecon.pl\/wp-content\/uploads\/2023\/10\/IMG_6374-150x150.jpg 150w\" sizes=\"(max-width: 1000px) 100vw, 1000px\" \/>      <\/a>\n          <a href=\"https:\/\/commercecon.pl\/wp-content\/uploads\/2023\/10\/0911_600LDZ_0003D.jpg\" data-src=\"https:\/\/commercecon.pl\/wp-content\/uploads\/2023\/10\/0911_600LDZ_0003D.jpg\" class=\"gallery__item\">\n        <img decoding=\"async\" width=\"1000\" height=\"1000\" src=\"https:\/\/commercecon.pl\/wp-content\/uploads\/2023\/10\/0911_600LDZ_0003D-1000x1000.jpg\" class=\"attachment-square size-square\" alt=\"\" srcset=\"https:\/\/commercecon.pl\/wp-content\/uploads\/2023\/10\/0911_600LDZ_0003D-1000x1000.jpg 1000w, https:\/\/commercecon.pl\/wp-content\/uploads\/2023\/10\/0911_600LDZ_0003D-150x150.jpg 150w\" sizes=\"(max-width: 1000px) 100vw, 1000px\" \/>      <\/a>\n          <a href=\"https:\/\/commercecon.pl\/wp-content\/uploads\/2023\/10\/0911_600LDZ_0011D.jpg\" data-src=\"https:\/\/commercecon.pl\/wp-content\/uploads\/2023\/10\/0911_600LDZ_0011D.jpg\" class=\"gallery__item\">\n        <img decoding=\"async\" width=\"1000\" height=\"1000\" src=\"https:\/\/commercecon.pl\/wp-content\/uploads\/2023\/10\/0911_600LDZ_0011D-1000x1000.jpg\" class=\"attachment-square size-square\" alt=\"\" srcset=\"https:\/\/commercecon.pl\/wp-content\/uploads\/2023\/10\/0911_600LDZ_0011D-1000x1000.jpg 1000w, https:\/\/commercecon.pl\/wp-content\/uploads\/2023\/10\/0911_600LDZ_0011D-150x150.jpg 150w\" sizes=\"(max-width: 1000px) 100vw, 1000px\" \/>      <\/a>\n      <\/div>\n<\/div><\/div>\n","protected":false},"excerpt":{"rendered":"<p>\u0141\u00f3d\u017a is celebrating its 600th anniversary this year! To ensure that everyone could celebrate, the city provided a unique setting. A three-day music festival, picnics, excursions, film screenings \u2013 these were the attractions organised for the last weekend in July. But the celebrations did not end there. The Mayor of \u0141\u00f3d\u017a launched a wonderful campaign [&hellip;]<\/p>\n","protected":false},"author":2,"featured_media":8418,"comment_status":"open","ping_status":"open","sticky":false,"template":"","format":"standard","meta":{"_acf_changed":false,"inline_featured_image":false,"footnotes":""},"categories":[2],"tags":[],"class_list":["post-8678","post","type-post","status-publish","format-standard","has-post-thumbnail","hentry","category-news"],"acf":[],"yoast_head":"<!-- This site is optimized with the Yoast SEO plugin v26.4 - https:\/\/yoast.com\/wordpress\/plugins\/seo\/ -->\n<title>Hubert Hoffman receives medal for 600th anniversary of \u0141\u00f3d\u017a - Commercecon<\/title>\n<meta name=\"robots\" content=\"index, follow, max-snippet:-1, max-image-preview:large, max-video-preview:-1\" \/>\n<link rel=\"canonical\" href=\"https:\/\/commercecon.pl\/en\/hubert-hoffman-receives-medal-for-600th-anniversary-of-lodz\/\" \/>\n<meta property=\"og:locale\" content=\"en_US\" \/>\n<meta property=\"og:type\" content=\"article\" \/>\n<meta property=\"og:title\" content=\"Hubert Hoffman receives medal for 600th anniversary of \u0141\u00f3d\u017a - Commercecon\" \/>\n<meta property=\"og:description\" content=\"\u0141\u00f3d\u017a is celebrating its 600th anniversary this year! To ensure that everyone could celebrate, the city provided a unique setting. A three-day music festival, picnics, excursions, film screenings \u2013 these were the attractions organised for the last weekend in July. But the celebrations did not end there. The Mayor of \u0141\u00f3d\u017a launched a wonderful campaign [&hellip;]\" \/>\n<meta property=\"og:url\" content=\"https:\/\/commercecon.pl\/en\/hubert-hoffman-receives-medal-for-600th-anniversary-of-lodz\/\" \/>\n<meta property=\"og:site_name\" content=\"Commercecon\" \/>\n<meta property=\"article:published_time\" content=\"2023-09-12T08:56:00+00:00\" \/>\n<meta property=\"article:modified_time\" content=\"2024-02-12T23:10:33+00:00\" \/>\n<meta property=\"og:image\" content=\"https:\/\/commercecon.pl\/wp-content\/uploads\/2023\/09\/Hubert-Hoffman-wyrozniony-medalem-na-600-lecie-Lodzi.jpg\" \/>\n\t<meta property=\"og:image:width\" content=\"1200\" \/>\n\t<meta property=\"og:image:height\" content=\"882\" \/>\n\t<meta property=\"og:image:type\" content=\"image\/jpeg\" \/>\n<meta name=\"author\" content=\"lukasz\" \/>\n<meta name=\"twitter:card\" content=\"summary_large_image\" \/>\n<meta name=\"twitter:label1\" content=\"Written by\" \/>\n\t<meta name=\"twitter:data1\" content=\"lukasz\" \/>\n\t<meta name=\"twitter:label2\" content=\"Est. reading time\" \/>\n\t<meta name=\"twitter:data2\" content=\"3 minutes\" \/>\n<script type=\"application\/ld+json\" class=\"yoast-schema-graph\">{\"@context\":\"https:\/\/schema.org\",\"@graph\":[{\"@type\":\"WebPage\",\"@id\":\"https:\/\/commercecon.pl\/en\/hubert-hoffman-receives-medal-for-600th-anniversary-of-lodz\/\",\"url\":\"https:\/\/commercecon.pl\/en\/hubert-hoffman-receives-medal-for-600th-anniversary-of-lodz\/\",\"name\":\"Hubert Hoffman receives medal for 600th anniversary of \u0141\u00f3d\u017a - Commercecon\",\"isPartOf\":{\"@id\":\"https:\/\/commercecon.pl\/en\/#website\"},\"primaryImageOfPage\":{\"@id\":\"https:\/\/commercecon.pl\/en\/hubert-hoffman-receives-medal-for-600th-anniversary-of-lodz\/#primaryimage\"},\"image\":{\"@id\":\"https:\/\/commercecon.pl\/en\/hubert-hoffman-receives-medal-for-600th-anniversary-of-lodz\/#primaryimage\"},\"thumbnailUrl\":\"https:\/\/commercecon.pl\/wp-content\/uploads\/2023\/09\/Hubert-Hoffman-wyrozniony-medalem-na-600-lecie-Lodzi.jpg\",\"datePublished\":\"2023-09-12T08:56:00+00:00\",\"dateModified\":\"2024-02-12T23:10:33+00:00\",\"author\":{\"@id\":\"https:\/\/commercecon.pl\/en\/#\/schema\/person\/49607438383cd1fd83d9c08e522c52b0\"},\"breadcrumb\":{\"@id\":\"https:\/\/commercecon.pl\/en\/hubert-hoffman-receives-medal-for-600th-anniversary-of-lodz\/#breadcrumb\"},\"inLanguage\":\"en-US\",\"potentialAction\":[{\"@type\":\"ReadAction\",\"target\":[\"https:\/\/commercecon.pl\/en\/hubert-hoffman-receives-medal-for-600th-anniversary-of-lodz\/\"]}]},{\"@type\":\"ImageObject\",\"inLanguage\":\"en-US\",\"@id\":\"https:\/\/commercecon.pl\/en\/hubert-hoffman-receives-medal-for-600th-anniversary-of-lodz\/#primaryimage\",\"url\":\"https:\/\/commercecon.pl\/wp-content\/uploads\/2023\/09\/Hubert-Hoffman-wyrozniony-medalem-na-600-lecie-Lodzi.jpg\",\"contentUrl\":\"https:\/\/commercecon.pl\/wp-content\/uploads\/2023\/09\/Hubert-Hoffman-wyrozniony-medalem-na-600-lecie-Lodzi.jpg\",\"width\":1200,\"height\":882},{\"@type\":\"BreadcrumbList\",\"@id\":\"https:\/\/commercecon.pl\/en\/hubert-hoffman-receives-medal-for-600th-anniversary-of-lodz\/#breadcrumb\",\"itemListElement\":[{\"@type\":\"ListItem\",\"position\":1,\"name\":\"Main\",\"item\":\"https:\/\/commercecon.pl\/en\/\"},{\"@type\":\"ListItem\",\"position\":2,\"name\":\"News\",\"item\":\"https:\/\/commercecon.pl\/en\/category\/news\/\"},{\"@type\":\"ListItem\",\"position\":3,\"name\":\"Hubert Hoffman receives medal for 600th anniversary of \u0141\u00f3d\u017a\"}]},{\"@type\":\"WebSite\",\"@id\":\"https:\/\/commercecon.pl\/en\/#website\",\"url\":\"https:\/\/commercecon.pl\/en\/\",\"name\":\"Commercecon\",\"description\":\"\",\"potentialAction\":[{\"@type\":\"SearchAction\",\"target\":{\"@type\":\"EntryPoint\",\"urlTemplate\":\"https:\/\/commercecon.pl\/en\/?s={search_term_string}\"},\"query-input\":{\"@type\":\"PropertyValueSpecification\",\"valueRequired\":true,\"valueName\":\"search_term_string\"}}],\"inLanguage\":\"en-US\"},{\"@type\":\"Person\",\"@id\":\"https:\/\/commercecon.pl\/en\/#\/schema\/person\/49607438383cd1fd83d9c08e522c52b0\",\"name\":\"lukasz\",\"url\":\"https:\/\/commercecon.pl\/en\/author\/lukasz\/\"}]}<\/script>\n<!-- \/ Yoast SEO plugin. -->","yoast_head_json":{"title":"Hubert Hoffman receives medal for 600th anniversary of \u0141\u00f3d\u017a - Commercecon","robots":{"index":"index","follow":"follow","max-snippet":"max-snippet:-1","max-image-preview":"max-image-preview:large","max-video-preview":"max-video-preview:-1"},"canonical":"https:\/\/commercecon.pl\/en\/hubert-hoffman-receives-medal-for-600th-anniversary-of-lodz\/","og_locale":"en_US","og_type":"article","og_title":"Hubert Hoffman receives medal for 600th anniversary of \u0141\u00f3d\u017a - Commercecon","og_description":"\u0141\u00f3d\u017a is celebrating its 600th anniversary this year! To ensure that everyone could celebrate, the city provided a unique setting. A three-day music festival, picnics, excursions, film screenings \u2013 these were the attractions organised for the last weekend in July. But the celebrations did not end there. The Mayor of \u0141\u00f3d\u017a launched a wonderful campaign [&hellip;]","og_url":"https:\/\/commercecon.pl\/en\/hubert-hoffman-receives-medal-for-600th-anniversary-of-lodz\/","og_site_name":"Commercecon","article_published_time":"2023-09-12T08:56:00+00:00","article_modified_time":"2024-02-12T23:10:33+00:00","og_image":[{"width":1200,"height":882,"url":"https:\/\/commercecon.pl\/wp-content\/uploads\/2023\/09\/Hubert-Hoffman-wyrozniony-medalem-na-600-lecie-Lodzi.jpg","type":"image\/jpeg"}],"author":"lukasz","twitter_card":"summary_large_image","twitter_misc":{"Written by":"lukasz","Est. reading time":"3 minutes"},"schema":{"@context":"https:\/\/schema.org","@graph":[{"@type":"WebPage","@id":"https:\/\/commercecon.pl\/en\/hubert-hoffman-receives-medal-for-600th-anniversary-of-lodz\/","url":"https:\/\/commercecon.pl\/en\/hubert-hoffman-receives-medal-for-600th-anniversary-of-lodz\/","name":"Hubert Hoffman receives medal for 600th anniversary of \u0141\u00f3d\u017a - Commercecon","isPartOf":{"@id":"https:\/\/commercecon.pl\/en\/#website"},"primaryImageOfPage":{"@id":"https:\/\/commercecon.pl\/en\/hubert-hoffman-receives-medal-for-600th-anniversary-of-lodz\/#primaryimage"},"image":{"@id":"https:\/\/commercecon.pl\/en\/hubert-hoffman-receives-medal-for-600th-anniversary-of-lodz\/#primaryimage"},"thumbnailUrl":"https:\/\/commercecon.pl\/wp-content\/uploads\/2023\/09\/Hubert-Hoffman-wyrozniony-medalem-na-600-lecie-Lodzi.jpg","datePublished":"2023-09-12T08:56:00+00:00","dateModified":"2024-02-12T23:10:33+00:00","author":{"@id":"https:\/\/commercecon.pl\/en\/#\/schema\/person\/49607438383cd1fd83d9c08e522c52b0"},"breadcrumb":{"@id":"https:\/\/commercecon.pl\/en\/hubert-hoffman-receives-medal-for-600th-anniversary-of-lodz\/#breadcrumb"},"inLanguage":"en-US","potentialAction":[{"@type":"ReadAction","target":["https:\/\/commercecon.pl\/en\/hubert-hoffman-receives-medal-for-600th-anniversary-of-lodz\/"]}]},{"@type":"ImageObject","inLanguage":"en-US","@id":"https:\/\/commercecon.pl\/en\/hubert-hoffman-receives-medal-for-600th-anniversary-of-lodz\/#primaryimage","url":"https:\/\/commercecon.pl\/wp-content\/uploads\/2023\/09\/Hubert-Hoffman-wyrozniony-medalem-na-600-lecie-Lodzi.jpg","contentUrl":"https:\/\/commercecon.pl\/wp-content\/uploads\/2023\/09\/Hubert-Hoffman-wyrozniony-medalem-na-600-lecie-Lodzi.jpg","width":1200,"height":882},{"@type":"BreadcrumbList","@id":"https:\/\/commercecon.pl\/en\/hubert-hoffman-receives-medal-for-600th-anniversary-of-lodz\/#breadcrumb","itemListElement":[{"@type":"ListItem","position":1,"name":"Main","item":"https:\/\/commercecon.pl\/en\/"},{"@type":"ListItem","position":2,"name":"News","item":"https:\/\/commercecon.pl\/en\/category\/news\/"},{"@type":"ListItem","position":3,"name":"Hubert Hoffman receives medal for 600th anniversary of \u0141\u00f3d\u017a"}]},{"@type":"WebSite","@id":"https:\/\/commercecon.pl\/en\/#website","url":"https:\/\/commercecon.pl\/en\/","name":"Commercecon","description":"","potentialAction":[{"@type":"SearchAction","target":{"@type":"EntryPoint","urlTemplate":"https:\/\/commercecon.pl\/en\/?s={search_term_string}"},"query-input":{"@type":"PropertyValueSpecification","valueRequired":true,"valueName":"search_term_string"}}],"inLanguage":"en-US"},{"@type":"Person","@id":"https:\/\/commercecon.pl\/en\/#\/schema\/person\/49607438383cd1fd83d9c08e522c52b0","name":"lukasz","url":"https:\/\/commercecon.pl\/en\/author\/lukasz\/"}]}},"_links":{"self":[{"href":"https:\/\/commercecon.pl\/en\/wp-json\/wp\/v2\/posts\/8678","targetHints":{"allow":["GET"]}}],"collection":[{"href":"https:\/\/commercecon.pl\/en\/wp-json\/wp\/v2\/posts"}],"about":[{"href":"https:\/\/commercecon.pl\/en\/wp-json\/wp\/v2\/types\/post"}],"author":[{"embeddable":true,"href":"https:\/\/commercecon.pl\/en\/wp-json\/wp\/v2\/users\/2"}],"replies":[{"embeddable":true,"href":"https:\/\/commercecon.pl\/en\/wp-json\/wp\/v2\/comments?post=8678"}],"version-history":[{"count":1,"href":"https:\/\/commercecon.pl\/en\/wp-json\/wp\/v2\/posts\/8678\/revisions"}],"predecessor-version":[{"id":8679,"href":"https:\/\/commercecon.pl\/en\/wp-json\/wp\/v2\/posts\/8678\/revisions\/8679"}],"wp:featuredmedia":[{"embeddable":true,"href":"https:\/\/commercecon.pl\/en\/wp-json\/wp\/v2\/media\/8418"}],"wp:attachment":[{"href":"https:\/\/commercecon.pl\/en\/wp-json\/wp\/v2\/media?parent=8678"}],"wp:term":[{"taxonomy":"category","embeddable":true,"href":"https:\/\/commercecon.pl\/en\/wp-json\/wp\/v2\/categories?post=8678"},{"taxonomy":"post_tag","embeddable":true,"href":"https:\/\/commercecon.pl\/en\/wp-json\/wp\/v2\/tags?post=8678"}],"curies":[{"name":"wp","href":"https:\/\/api.w.org\/{rel}","templated":true}]}}